{"id":8742,"date":"2019-02-06T10:42:04","date_gmt":"2019-02-06T14:42:04","guid":{"rendered":"https:\/\/www.makivik.org\/makivik-says-new-indigenous-language-legislation-far-from-perfect-but-will-continue-to-seek-inuit-specific-legislation-to-protect-inuktitut\/"},"modified":"2019-02-06T15:12:12","modified_gmt":"2019-02-06T19:12:12","slug":"makivik-says-new-indigenous-language-legislation-far-from-perfect-but-will-continue-to-seek-inuit-specific-legislation-to-protect-inuktitut","status":"publish","type":"post","link":"https:\/\/www.makivvik.ca\/fr\/makivik-says-new-indigenous-language-legislation-far-from-perfect-but-will-continue-to-seek-inuit-specific-legislation-to-protect-inuktitut\/","title":{"rendered":"Makivvik estime que le projet de loi sur les langues autochtones est loin d\u2019\u00eatre parfait et continuera \u00e0 faire pression pour que des dispositions prot\u00e8gent express\u00e9ment l\u2019inuktitut"},"content":{"rendered":"<p><strong>COMMUNIQU\u00c9<\/strong><\/p>\n<p>6 f\u00e9vrier 2019 \u2013 Kuujjuaq (Nunavik) \u2013 Le pr\u00e9sident de Makivvik, Charlie Watt, affirme que les Inuits du Nunavik continueront de faire pression pour que des dispositions distinctes prot\u00e8gent l\u2019inuktitut, car de telles dispositions sont absentes du projet de loi C 91, Loi sur les langues autochtones, annonc\u00e9 r\u00e9cemment. Selon M. Watt, le projet de loi ne prot\u00e8ge pas et ne favorise pas le d\u00e9veloppement d\u2019une des premi\u00e8res langues autochtones du Canada, l\u2019inuktitut.<\/p>\n<p>\u00ab J\u2019ai \u00e9crit au gouvernement en ao\u00fbt 2018 pour f\u00e9liciter le nouveau ministre du Patrimoine canadien et du Multiculturalisme, l\u2019honorable Pablo Rodriguez, et lui faire part de notre position parfaitement claire quant \u00e0 la n\u00e9cessit\u00e9 d\u2019avoir des dispositions distinctes concernant l\u2019inuktitut \u00bb, a mentionn\u00e9 le pr\u00e9sident de Makivvik. \u00ab L\u2019inuktitut est une langue vivante et forte. Nous voulons qu\u2019elle s\u2019\u00e9panouisse et qu\u2019elle soit reconnue officiellement au Canada. \u00bb<\/p>\n<p>Makivvik est d\u00e9\u00e7ue que le projet de loi sur les langues autochtones du gouvernement f\u00e9d\u00e9ral ne contienne pas de dispositions visant \u00e0 prot\u00e9ger express\u00e9ment l\u2019inuktitut, malgr\u00e9 les indications claires qui avaient \u00e9t\u00e9 donn\u00e9es et le fait que les Inuits ont travaill\u00e9 \u00e9troitement avec le gouvernement f\u00e9d\u00e9ral en ce sens pendant plusieurs mois. Le processus qui a men\u00e9 \u00e0 l\u2019\u00e9laboration du projet de loi a de toute \u00e9vidence \u00e9chou\u00e9 et ne peut v\u00e9ritablement \u00eatre appel\u00e9 un processus de collaboration, comme on a laiss\u00e9 entendre aux Inuits.<\/p>\n<p>\u00ab En tant qu\u2019ancien s\u00e9nateur, je sais que l\u2019inuktitut a \u00e9t\u00e9 la premi\u00e8re langue autochtone \u00e0 \u00eatre officiellement traduite au S\u00e9nat du Canada, et cela a pris de nombreuses ann\u00e9es avant que cela ne se produise \u00bb, a affirm\u00e9 Charlie Watt. \u00ab Nous ne nous laisserons pas d\u00e9courager par un projet de loi qui a des lacunes. Nous allons plut\u00f4t pers\u00e9v\u00e9rer et continuer \u00e0 faire pression pour que le gouvernement pr\u00e9voie des dispositions visant express\u00e9ment \u00e0 prot\u00e9ger, \u00e0 promouvoir et \u00e0 pr\u00e9server notre langue. \u00bb<\/p>\n<p>-30-<br \/>\n<strong>Personne-ressource :<\/strong><br \/>\nWilliam Tagoona<br \/>\nConseiller politique au pr\u00e9sident et<br \/>\ndirecteur des communications<br \/>\nSoci\u00e9t\u00e9 Makivvik<br \/>\nT\u00e9l. 819-964-2925<br \/>\nwtagoona@makivik.org<br \/>\nwww.makivik.org<\/p>\n<p>Makivvik est l\u2019organisation de revendications territoriales charg\u00e9e de g\u00e9rer les fonds patrimoniaux per\u00e7us par les Inuits du Nunavik en vertu de la CBJNQ. Elle a notamment pour r\u00f4le d\u2019administrer et de placer ces fonds, et de promouvoir la croissance \u00e9conomique en aidant \u00e0 cr\u00e9er des entreprises dirig\u00e9es par les Inuits du Nunavik. Makivvik favorise la pr\u00e9servation de la culture et de la langue inuites, de m\u00eame que la sant\u00e9, le bien-\u00eatre, la r\u00e9duction de la pauvret\u00e9 et l\u2019\u00e9ducation des Inuits dans les communaut\u00e9s.<\/p>\n","protected":false},"excerpt":{"rendered":"<p>COMMUNIQU\u00c9 6 f\u00e9vrier 2019 \u2013 Kuujjuaq (Nunavik) \u2013 Le pr\u00e9sident de Makivvik, Charlie Watt, affirme que les Inuits du Nunavik continueront de faire pression pour que<span class=\"excerpt-hellip\"> [\u2026]<\/span><\/p>\n","protected":false},"author":9,"featured_media":7994,"comment_status":"closed","ping_status":"closed","sticky":false,"template":"","format":"standard","meta":{"_acf_changed":false,"_jetpack_memberships_contains_paid_content":false,"footnotes":""},"categories":[103],"tags":[],"taqralik-issues":[],"class_list":["post-8742","post","type-post","status-publish","format-standard","has-post-thumbnail","hentry","category-press-release-2019-fr"],"acf":[],"jetpack_featured_media_url":"https:\/\/i0.wp.com\/www.makivvik.ca\/wp-content\/uploads\/2018\/05\/makiv-bg.jpg?fit=2226%2C860&ssl=1","jetpack_shortlink":"https:\/\/wp.me\/p7v1Zk-2h0","jetpack_sharing_enabled":true,"_links":{"self":[{"href":"https:\/\/www.makivvik.ca\/fr\/wp-json\/wp\/v2\/posts\/8742","targetHints":{"allow":["GET"]}}],"collection":[{"href":"https:\/\/www.makivvik.ca\/fr\/wp-json\/wp\/v2\/posts"}],"about":[{"href":"https:\/\/www.makivvik.ca\/fr\/wp-json\/wp\/v2\/types\/post"}],"author":[{"embeddable":true,"href":"https:\/\/www.makivvik.ca\/fr\/wp-json\/wp\/v2\/users\/9"}],"replies":[{"embeddable":true,"href":"https:\/\/www.makivvik.ca\/fr\/wp-json\/wp\/v2\/comments?post=8742"}],"version-history":[{"count":2,"href":"https:\/\/www.makivvik.ca\/fr\/wp-json\/wp\/v2\/posts\/8742\/revisions"}],"predecessor-version":[{"id":8744,"href":"https:\/\/www.makivvik.ca\/fr\/wp-json\/wp\/v2\/posts\/8742\/revisions\/8744"}],"wp:featuredmedia":[{"embeddable":true,"href":"https:\/\/www.makivvik.ca\/fr\/wp-json\/wp\/v2\/media\/7994"}],"wp:attachment":[{"href":"https:\/\/www.makivvik.ca\/fr\/wp-json\/wp\/v2\/media?parent=8742"}],"wp:term":[{"taxonomy":"category","embeddable":true,"href":"https:\/\/www.makivvik.ca\/fr\/wp-json\/wp\/v2\/categories?post=8742"},{"taxonomy":"post_tag","embeddable":true,"href":"https:\/\/www.makivvik.ca\/fr\/wp-json\/wp\/v2\/tags?post=8742"},{"taxonomy":"taqralik-issues","embeddable":true,"href":"https:\/\/www.makivvik.ca\/fr\/wp-json\/wp\/v2\/taqralik-issues?post=8742"}],"curies":[{"name":"wp","href":"https:\/\/api.w.org\/{rel}","templated":true}]}}