{"id":5122,"date":"2017-10-30T14:00:55","date_gmt":"2017-10-30T18:00:55","guid":{"rendered":"http:\/\/www.makivik.org\/signature-historique-dune-entente-concernant-la-strategie-conjointe-de-gestion-du-caribou-par-sept-nations-autochtones-du-quebec-et-de-terre-neuve-et-labrador-2\/"},"modified":"2017-10-30T14:00:55","modified_gmt":"2017-10-30T18:00:55","slug":"signature-historique-dune-entente-concernant-la-strategie-conjointe-de-gestion-du-caribou-par-sept-nations-autochtones-du-quebec-et-de-terre-neuve-et-labrador-2","status":"publish","type":"post","link":"https:\/\/www.makivvik.ca\/fr\/signature-historique-dune-entente-concernant-la-strategie-conjointe-de-gestion-du-caribou-par-sept-nations-autochtones-du-quebec-et-de-terre-neuve-et-labrador-2\/","title":{"rendered":"Signature historique d\u2019une entente concernant la strat\u00e9gie conjointe de gestion du caribou par sept nations autochtones du Qu\u00e9bec et de Terre-Neuve-et-Labrador"},"content":{"rendered":"<p>MONTR\u00c9AL (QU\u00c9BEC) &#8212; (13 octobre 2017) &#8212; Les m\u00e9dias sont invit\u00e9s \u00e0 une conf\u00e9rence de presse pour une signature historique par les sept nations autochtones qui forment la Table ronde autochtone du caribou de la p\u00e9ninsule d\u2019Ungava (TRACPU). Des  leaders  autochtones  de  toutes  les  nations seront pr\u00e9sents \u00e0 la conf\u00e9rence de presse.<\/p>\n<p>L\u2019entente vise la mise en \u0153uvre d\u2019une strat\u00e9gie de gestion des troupeaux de caribous de la rivi\u00e8re George et de la rivi\u00e8re aux Feuilles qui sillonnent la p\u00e9ninsule d\u2019Ungava, une vaste r\u00e9gion qui couvre 1,5 million de kilom\u00e8tres carr\u00e9s.<\/p>\n<p>Les populations de la p\u00e9ninsule d\u2019Ungava subissent un d\u00e9clin marqu\u00e9 depuis les ann\u00e9es 1990. Le troupeau de la rivi\u00e8re George a chut\u00e9 de 770 000 \u00e0 9 000 t\u00eates \u00e0 l\u2019heure actuelle. Le troupeau de la rivi\u00e8re aux Feuilles a chut\u00e9 de 628 000 t\u00eates en  2001 \u00e0 199 000 en 2016.<\/p>\n<p>La strat\u00e9gie de gestion intitul\u00e9e Il y a longtemps dans l\u2019avenir : le caribou et les peuples de l\u2019Ungava<br \/>\nest le fruit de quatre ann\u00e9es de r\u00e9unions sans pr\u00e9c\u00e9dent entre les sept nations autochtones.<\/p>\n<p>La TRACPU est compos\u00e9e d\u2019Inuits du Nunavik (repr\u00e9sent\u00e9s par Makivvik), d\u2019Inuits du Nunatsiavut (repr\u00e9sent\u00e9s par le gouvernement du Nunatsiavut), du Conseil communautaire NunatuKavut, de la Nation naskapie de Kawawachikamach, du Grand Conseil des Cris Eeyou Istchee\/Administration r\u00e9gionale crie (GCCEI\/ARC), de la Nation innue du Labrador et de toutes les nations innues des communaut\u00e9s de la r\u00e9gion du Qu\u00e9bec.<br \/>\nUne conf\u00e9rence de presse est pr\u00e9vue le : Jeudi 17 octobre 2017<br \/>\n10 h 30 \u00e0 11 h 30<br \/>\nAtrium \u2013 Maison du d\u00e9veloppement durable (LAMDD) 50, rue Sainte-Catherine Ouest<br \/>\nMontr\u00e9al  QC<\/p>\n<p>Les orateurs \u00e0 la conf\u00e9rence de presse seront :<\/p>\n<p>M. Adamie Delisle-Alaku, pr\u00e9sident de la TRACPU, vice-pr\u00e9sident de Makivvik responsable des ressources renouvelables<br \/>\nM. Mark Nui, vice-pr\u00e9sident de la TRACPU, repr\u00e9sentant de la Nation innue et n\u00e9gociateur d\u2019ententes sur les r\u00e9percussions et les avantages<\/p>\n<p>-2-<\/p>\n<p>Renseignements :<\/p>\n<p>Soci\u00e9t\u00e9 Makivvik<br \/>\nWilliam Tagoona, responsable des communications et des relations avec les m\u00e9dias T\u00e9l. 819-964-2925 \/ wtagoona@makivik.org<\/p>\n<p>Stephen Hendrie, conseiller en communication T\u00e9l. 613-668-1923 \/ hendrie@makivik.org<\/p>\n<p>Communications, Nation innue<\/p>\n<p>Donna Paddon, conseill\u00e8re en communications de la Nation innue T\u00e9l. 709-899-5799 \/ donna.paddon@kashkuan.ca<\/p>\n","protected":false},"excerpt":{"rendered":"<p>MONTR\u00c9AL (QU\u00c9BEC) &#8212; (13 octobre 2017) &#8212; Les m\u00e9dias sont invit\u00e9s \u00e0 une conf\u00e9rence de presse pour une signature historique par les sept nations autochtones qui<span class=\"excerpt-hellip\"> [\u2026]<\/span><\/p>\n","protected":false},"author":9,"featured_media":0,"comment_status":"closed","ping_status":"closed","sticky":false,"template":"","format":"standard","meta":{"_acf_changed":false,"_jetpack_memberships_contains_paid_content":false,"footnotes":""},"categories":[98,74],"tags":[],"taqralik-issues":[],"class_list":["post-5122","post","type-post","status-publish","format-standard","hentry","category-press-releases-fr","category-press-releases-2017-2"],"acf":[],"jetpack_featured_media_url":"","jetpack_shortlink":"https:\/\/wp.me\/p7v1Zk-1kC","jetpack_sharing_enabled":true,"_links":{"self":[{"href":"https:\/\/www.makivvik.ca\/fr\/wp-json\/wp\/v2\/posts\/5122","targetHints":{"allow":["GET"]}}],"collection":[{"href":"https:\/\/www.makivvik.ca\/fr\/wp-json\/wp\/v2\/posts"}],"about":[{"href":"https:\/\/www.makivvik.ca\/fr\/wp-json\/wp\/v2\/types\/post"}],"author":[{"embeddable":true,"href":"https:\/\/www.makivvik.ca\/fr\/wp-json\/wp\/v2\/users\/9"}],"replies":[{"embeddable":true,"href":"https:\/\/www.makivvik.ca\/fr\/wp-json\/wp\/v2\/comments?post=5122"}],"version-history":[{"count":0,"href":"https:\/\/www.makivvik.ca\/fr\/wp-json\/wp\/v2\/posts\/5122\/revisions"}],"wp:attachment":[{"href":"https:\/\/www.makivvik.ca\/fr\/wp-json\/wp\/v2\/media?parent=5122"}],"wp:term":[{"taxonomy":"category","embeddable":true,"href":"https:\/\/www.makivvik.ca\/fr\/wp-json\/wp\/v2\/categories?post=5122"},{"taxonomy":"post_tag","embeddable":true,"href":"https:\/\/www.makivvik.ca\/fr\/wp-json\/wp\/v2\/tags?post=5122"},{"taxonomy":"taqralik-issues","embeddable":true,"href":"https:\/\/www.makivvik.ca\/fr\/wp-json\/wp\/v2\/taqralik-issues?post=5122"}],"curies":[{"name":"wp","href":"https:\/\/api.w.org\/{rel}","templated":true}]}}